{"id":15038,"date":"2023-08-09T17:42:19","date_gmt":"2023-08-09T15:42:19","guid":{"rendered":"https:\/\/ada-cosmetics.betacenter.net\/?p=15038"},"modified":"2023-09-20T13:06:03","modified_gmt":"2023-09-20T11:06:03","slug":"la-nouvelle-collection-esteban-x-ada-cosmetics-allie-parfum-emotions-et-respect-de-la-nature","status":"publish","type":"post","link":"https:\/\/ada-cosmetics.betacenter.net\/fr\/la-nouvelle-collection-esteban-x-ada-cosmetics-allie-parfum-emotions-et-respect-de-la-nature\/","title":{"rendered":"La nouvelle collection Est\u00e9ban x ADA Cosmetics allie parfum, \u00e9motions et respect de la nature"},"content":{"rendered":"<p>Une c\u00e9l\u00e9bration de l\u2019Art de vivre<\/p>\n<h2><strong>La nouvelle collection Est\u00e9ban x ADA Cosmetics allie parfum, \u00e9motions et respect de la nature<\/strong><\/h2>\n<p><em>Quatre d\u00e9cennies de savoir-vivre fran\u00e7ais sont distill\u00e9es dans la nouvelle collection de produits d\u2019accueil pour l\u2019h\u00f4tellerie haut de gamme d\u2019Est\u00e9ban Paris et ADA Cosmetics. Dot\u00e9e d\u2019un parfum floral d\u00e9licat et rafra\u00eechissant, cette gamme est certifi\u00e9e par le Nordic Swan Ecolabel, refl\u00e9tant l\u2019engagement durable des deux marques.<\/em><\/p>\n<p><strong>Partager des \u00e9motions \u00e0 travers l\u2019art du parfum<\/strong><\/p>\n<p>Fond\u00e9e dans les ann\u00e9es 1980, la Maison de parfumerie Est\u00e9ban Paris est r\u00e9put\u00e9e en France pour ses parfums d\u2019ambiance raffin\u00e9s et sa capacit\u00e9 \u00e0 toujours innover. Guid\u00e9e par des valeurs authentiques et le respect de la nature, Est\u00e9ban a \u00e0 c\u0153ur de cr\u00e9er des senteurs exquises et originales afin de cr\u00e9er une atmosph\u00e8re unique laissant place aux \u00e9motions. La nouvelle gamme de produits d\u2019accueil pour l\u2019h\u00f4tellerie retranscrit cette sensation particuli\u00e8re dans la salle de bains.<\/p>\n<p>La nouvelle collection est impr\u00e9gn\u00e9e d\u2019une fragrance florale aqueuse unique, caract\u00e9ris\u00e9e par un bouquet d\u2019agrumes frais compos\u00e9 de pamplemousse, de mandarine et d&rsquo;orange, sur un fond chaleureux de musc blanc.<\/p>\n<p>Con\u00e7ue pour tous les amateurs de parfums ouverts sur le Monde et \u00e0 la recherche d\u2019une qualit\u00e9 de vie harmonieuse, cette collection incarne tout l\u2019esprit d\u2019Est\u00e9ban. Les formules v\u00e9g\u00e9taliennes sont compos\u00e9es d\u2019ingr\u00e9dients naturels de haute qualit\u00e9 et infus\u00e9es d\u2019extraits d\u2019aloe vera biologique pour un effet apaisant et profond\u00e9ment hydratant sur le corps.<\/p>\n<p><strong>Plus proche de la nature<\/strong><\/p>\n<p>Refl\u00e9tant l\u2019engagement d\u2019Est\u00e9ban et d\u2019ADA en faveur de la nature, la gamme est certifi\u00e9e par l\u2019un des labels environnementaux les plus stricts au monde : le Nordic Swan Ecolabel. Ce dernier fixe des exigences strictes appliqu\u00e9es \u00e0 toutes les phases du cycle de vie d\u2019un produit, contribuant ainsi \u00e0 r\u00e9duire l\u2019impact environnemental de la production et de la consommation de biens.<\/p>\n<p>\u00ab Chez Est\u00e9ban, le respect de la nature est l\u2019une de nos valeurs fondamentales et fa\u00e7onne tout ce que nous faisons \u00bb, d\u00e9clare Virginie Pruvost, Directrice Marque &amp; RSE chez Est\u00e9ban Paris. \u00ab Il \u00e9tait donc naturel de s\u2019associer \u00e0 ADA, une marque qui partage notre profond engagement en faveur du d\u00e9veloppement durable, pour cr\u00e9er cette nouvelle collection h\u00f4teli\u00e8re. \u00bb<\/p>\n<p>\u00ab Cette nouvelle gamme marque une \u00e9tape importante dans notre partenariat fructueux avec Est\u00e9ban Paris \u00bb, d\u00e9clare Gerd von Podewils, CMO du groupe ADA. \u00ab Nous sommes ravis que les produits aient re\u00e7u la certification Nordic Swan Ecolabel, un t\u00e9moignage de notre approche eco-conscious et de notre d\u00e9sir commun d\u2019innover en gardant la plan\u00e8te toujours \u00e0 l\u2019esprit. \u00bb<\/p>\n<p><strong>Un packaging original et respectueux de l\u2019environnement<\/strong><\/p>\n<p>Cette collection contemporaine et color\u00e9e de savons, gels douche, shampooings et lait hydratant est propos\u00e9e avec un choix de trois syst\u00e8mes-doseurs ADA diff\u00e9rents.<\/p>\n<p>Les clients peuvent choisir le syst\u00e8me pionnier Smart Care+ d\u2019ADA, le syst\u00e8me-doseurs le plus hygi\u00e9nique au monde, fabriqu\u00e9 \u00e0 partir d\u2019un seul mat\u00e9riau pour faciliter le recyclage. Le syst\u00e8me innovant et avanc\u00e9 SHAPE et les doseurs \u00e0 pompe classiques sont \u00e9galement disponibles. Tous ces produits sont exceptionnellement s\u00fbrs, hygi\u00e9niques et anti-gouttes.<\/p>\n<p>La collection est aussi disponible en petits flacons de 30 ml, ainsi qu\u2019un savon de 15 g emball\u00e9 dans du papier.<\/p>\n<p>La collection de produits d\u2019accueil pour l\u2019h\u00f4tellerie Est\u00e9ban Paris peut \u00eatre command\u00e9e dans le monde entier.<\/p>\n","protected":false},"excerpt":{"rendered":"<p>Une c\u00e9l\u00e9bration de l\u2019Art de vivre La nouvelle collection Est\u00e9ban x ADA Cosmetics allie parfum, \u00e9motions et respect de la nature Quatre d\u00e9cennies de savoir-vivre fran\u00e7ais sont distill\u00e9es dans la &#8230;<\/p>\n","protected":false},"author":11,"featured_media":15030,"comment_status":"closed","ping_status":"closed","sticky":false,"template":"","format":"standard","meta":{"_acf_changed":false,"footnotes":""},"categories":[362],"tags":[373],"class_list":["post-15038","post","type-post","status-publish","format-standard","has-post-thumbnail","hentry","category-communiques-de-presse","tag-communiques-de-presse","cat-362-id","has_thumb"],"acf":[],"_links":{"self":[{"href":"https:\/\/ada-cosmetics.betacenter.net\/fr\/wp-json\/wp\/v2\/posts\/15038","targetHints":{"allow":["GET"]}}],"collection":[{"href":"https:\/\/ada-cosmetics.betacenter.net\/fr\/wp-json\/wp\/v2\/posts"}],"about":[{"href":"https:\/\/ada-cosmetics.betacenter.net\/fr\/wp-json\/wp\/v2\/types\/post"}],"author":[{"embeddable":true,"href":"https:\/\/ada-cosmetics.betacenter.net\/fr\/wp-json\/wp\/v2\/users\/11"}],"replies":[{"embeddable":true,"href":"https:\/\/ada-cosmetics.betacenter.net\/fr\/wp-json\/wp\/v2\/comments?post=15038"}],"version-history":[{"count":4,"href":"https:\/\/ada-cosmetics.betacenter.net\/fr\/wp-json\/wp\/v2\/posts\/15038\/revisions"}],"predecessor-version":[{"id":15832,"href":"https:\/\/ada-cosmetics.betacenter.net\/fr\/wp-json\/wp\/v2\/posts\/15038\/revisions\/15832"}],"wp:featuredmedia":[{"embeddable":true,"href":"https:\/\/ada-cosmetics.betacenter.net\/fr\/wp-json\/wp\/v2\/media\/15030"}],"wp:attachment":[{"href":"https:\/\/ada-cosmetics.betacenter.net\/fr\/wp-json\/wp\/v2\/media?parent=15038"}],"wp:term":[{"taxonomy":"category","embeddable":true,"href":"https:\/\/ada-cosmetics.betacenter.net\/fr\/wp-json\/wp\/v2\/categories?post=15038"},{"taxonomy":"post_tag","embeddable":true,"href":"https:\/\/ada-cosmetics.betacenter.net\/fr\/wp-json\/wp\/v2\/tags?post=15038"}],"curies":[{"name":"wp","href":"https:\/\/api.w.org\/{rel}","templated":true}]}}